{"id":203,"date":"2024-07-20T22:40:06","date_gmt":"2024-07-21T01:40:06","guid":{"rendered":"https:\/\/www.ernaniimoveis.com.br\/site\/?p=203"},"modified":"2024-07-20T22:45:17","modified_gmt":"2024-07-21T01:45:17","slug":"area-de-10-903-m2-a-venda-no-b-ipiranga-campo-bom","status":"publish","type":"post","link":"https:\/\/www.ernaniimoveis.com.br\/site\/?p=203","title":{"rendered":"\u00c1rea de 10.903 m2 \u00e0 venda no B.Ipiranga &#8211; Campo Bom"},"content":{"rendered":"\n<p>\u00c1rea de 10.903,93 m2 localizada no Bairro Ipiranga em Campo Bom -RS , \u00e1rea localizada entre a Av Brasil at\u00e9 a Av Goias projetada .<\/p>\n\n\n\n<p><strong>R$ 3.500.000,00<\/strong><\/p>\n\n\n\n<p>Esta \u00c1rea possui 25,50 m para o lado Sul de frente para a Av Brasil ,  25,56 m de frente para a Av Goias projetada , sendo 438,78 m para o lado Leste e 440,39 m para o lado Oeste . <\/p>\n","protected":false},"excerpt":{"rendered":"<p>\u00c1rea de 10.903,93 m2 localizada no Bairro Ipiranga em Campo Bom -RS , \u00e1rea localizada entre a Av Brasil at\u00e9 a Av Goias projetada . R$ 3.500.000,00 Esta \u00c1rea possui 25,50 m para o lado Sul de frente para a Av Brasil , 25,56 m de frente para a Av Goias projetada , sendo 438,78 [&hellip;]<\/p>\n","protected":false},"author":1,"featured_media":204,"comment_status":"closed","ping_status":"open","sticky":false,"template":"","format":"standard","meta":{"footnotes":""},"categories":[2,3],"tags":[],"class_list":["post-203","post","type-post","status-publish","format-standard","has-post-thumbnail","hentry","category-imoveis","category-terrenos"],"_links":{"self":[{"href":"https:\/\/www.ernaniimoveis.com.br\/site\/index.php?rest_route=\/wp\/v2\/posts\/203","targetHints":{"allow":["GET"]}}],"collection":[{"href":"https:\/\/www.ernaniimoveis.com.br\/site\/index.php?rest_route=\/wp\/v2\/posts"}],"about":[{"href":"https:\/\/www.ernaniimoveis.com.br\/site\/index.php?rest_route=\/wp\/v2\/types\/post"}],"author":[{"embeddable":true,"href":"https:\/\/www.ernaniimoveis.com.br\/site\/index.php?rest_route=\/wp\/v2\/users\/1"}],"replies":[{"embeddable":true,"href":"https:\/\/www.ernaniimoveis.com.br\/site\/index.php?rest_route=%2Fwp%2Fv2%2Fcomments&post=203"}],"version-history":[{"count":1,"href":"https:\/\/www.ernaniimoveis.com.br\/site\/index.php?rest_route=\/wp\/v2\/posts\/203\/revisions"}],"predecessor-version":[{"id":205,"href":"https:\/\/www.ernaniimoveis.com.br\/site\/index.php?rest_route=\/wp\/v2\/posts\/203\/revisions\/205"}],"wp:featuredmedia":[{"embeddable":true,"href":"https:\/\/www.ernaniimoveis.com.br\/site\/index.php?rest_route=\/wp\/v2\/media\/204"}],"wp:attachment":[{"href":"https:\/\/www.ernaniimoveis.com.br\/site\/index.php?rest_route=%2Fwp%2Fv2%2Fmedia&parent=203"}],"wp:term":[{"taxonomy":"category","embeddable":true,"href":"https:\/\/www.ernaniimoveis.com.br\/site\/index.php?rest_route=%2Fwp%2Fv2%2Fcategories&post=203"},{"taxonomy":"post_tag","embeddable":true,"href":"https:\/\/www.ernaniimoveis.com.br\/site\/index.php?rest_route=%2Fwp%2Fv2%2Ftags&post=203"}],"curies":[{"name":"wp","href":"https:\/\/api.w.org\/{rel}","templated":true}]}}